{"id":251,"date":"2018-01-17T09:52:55","date_gmt":"2018-01-17T09:52:55","guid":{"rendered":"http:\/\/oberschule-geestemuende.de\/?p=251"},"modified":"2018-01-18T16:51:19","modified_gmt":"2018-01-18T16:51:19","slug":"herzlich-willkommen","status":"publish","type":"post","link":"https:\/\/www.oberschule-geestemuende.de\/?p=251","title":{"rendered":"Herzlich Willkommen !"},"content":{"rendered":"<p>An dieser Stelle m\u00f6chten wir auf unseren Vorstellungsabend am<br \/>\n<strong>Donnerstag, 8. Februar 2018 ab 18 Uhr<\/strong><br \/>\nhinweisen.<br \/>\nWie in den vergangenen Jahren erwartet Sie unser Kollegium, das zusammen mit Sch\u00fclerinnen und Sch\u00fclern  alles Wissenswerte und Beeindruckende \u00fcber unsere Schule und unser aufregendes Schulleben vorstellen wird.<br \/>\n<!--more--><\/p>\n<p>So k\u00f6nnten die ersten Tage an unserer Schule f\u00fcr Ihre Kinder aussehen:<\/p>\n<p>Willkommen 2016<\/p>\n<p><iframe loading=\"lazy\" width=\"560\" height=\"315\" src=\"http:\/\/www.youtube.com\/embed\/ONC-XWzHZG4\" frameborder=\"0\" allowfullscreen><\/iframe><\/p>\n<p>Der erste Ausflug in den Natur- und Erlebnispark Bremerv\u00f6rde am 11.08.2016<\/p>\n<p><iframe loading=\"lazy\" width=\"560\" height=\"315\" src=\"http:\/\/www.youtube.com\/embed\/PPomRDMTM0s\" frameborder=\"0\" allowfullscreen><\/iframe><\/p>\n<p>Geestem\u00fcnde, wir legen los!!! Ein Film mit unseren 5. Klassen der Oberschule Geestem\u00fcnde im Januar 2013<\/p>\n<p>\n<iframe loading=\"lazy\" width=\"560\" height=\"315\" src=\"http:\/\/www.youtube.com\/embed\/dQ2AzTefbpk\" frameborder=\"0\" allowfullscreen><\/iframe><\/p>\n","protected":false},"excerpt":{"rendered":"<p>An dieser Stelle m\u00f6chten wir auf unseren Vorstellungsabend am Donnerstag, 8. Februar 2018 ab 18 Uhr hinweisen. Wie in den vergangenen Jahren erwartet Sie unser Kollegium, das zusammen mit Sch\u00fclerinnen und Sch\u00fclern alles Wissenswerte und Beeindruckende \u00fcber unsere Schule und &hellip; <a href=\"https:\/\/www.oberschule-geestemuende.de\/?p=251\">Weiterlesen <span class=\"meta-nav\">&rarr;<\/span><\/a><\/p>\n","protected":false},"author":2,"featured_media":0,"comment_status":"open","ping_status":"open","sticky":false,"template":"","format":"standard","meta":{"_monsterinsights_skip_tracking":false,"_monsterinsights_sitenote_active":false,"_monsterinsights_sitenote_note":"","_monsterinsights_sitenote_category":0,"footnotes":""},"categories":[1],"tags":[13,8],"class_list":["post-251","post","type-post","status-publish","format-standard","hentry","category-uncategorized","tag-bremerhaven","tag-oberschule-geestemuende"],"aioseo_notices":[],"_links":{"self":[{"href":"https:\/\/www.oberschule-geestemuende.de\/index.php?rest_route=\/wp\/v2\/posts\/251","targetHints":{"allow":["GET"]}}],"collection":[{"href":"https:\/\/www.oberschule-geestemuende.de\/index.php?rest_route=\/wp\/v2\/posts"}],"about":[{"href":"https:\/\/www.oberschule-geestemuende.de\/index.php?rest_route=\/wp\/v2\/types\/post"}],"author":[{"embeddable":true,"href":"https:\/\/www.oberschule-geestemuende.de\/index.php?rest_route=\/wp\/v2\/users\/2"}],"replies":[{"embeddable":true,"href":"https:\/\/www.oberschule-geestemuende.de\/index.php?rest_route=%2Fwp%2Fv2%2Fcomments&post=251"}],"version-history":[{"count":5,"href":"https:\/\/www.oberschule-geestemuende.de\/index.php?rest_route=\/wp\/v2\/posts\/251\/revisions"}],"predecessor-version":[{"id":271,"href":"https:\/\/www.oberschule-geestemuende.de\/index.php?rest_route=\/wp\/v2\/posts\/251\/revisions\/271"}],"wp:attachment":[{"href":"https:\/\/www.oberschule-geestemuende.de\/index.php?rest_route=%2Fwp%2Fv2%2Fmedia&parent=251"}],"wp:term":[{"taxonomy":"category","embeddable":true,"href":"https:\/\/www.oberschule-geestemuende.de\/index.php?rest_route=%2Fwp%2Fv2%2Fcategories&post=251"},{"taxonomy":"post_tag","embeddable":true,"href":"https:\/\/www.oberschule-geestemuende.de\/index.php?rest_route=%2Fwp%2Fv2%2Ftags&post=251"}],"curies":[{"name":"wp","href":"https:\/\/api.w.org\/{rel}","templated":true}]}}