{"id":2967,"date":"2019-09-12T22:12:30","date_gmt":"2019-09-12T20:12:30","guid":{"rendered":"http:\/\/oberschule-geestemuende.de\/?p=2967"},"modified":"2024-05-16T16:09:07","modified_gmt":"2024-05-16T14:09:07","slug":"internationale-begegnungswoche","status":"publish","type":"post","link":"https:\/\/www.oberschule-geestemuende.de\/?p=2967","title":{"rendered":"Internationale Begegnungswoche"},"content":{"rendered":"<p>Seit vielen Jahren f\u00f6rdert der Verein f\u00fcr Neue Musik e.V. den internationalen Jugendaustausch mit Israel in Zusammenarbeit u.a. mit dem Stadtjugendring und der Medienwerkstatt der Oberschule-Geestem\u00fcnde.<\/p>\n<p>Zusammen mit der CvO und der Gemeinde der Petruskirche und dem dort ans\u00e4ssigen Gospelprojekt haben wir vom 22.8.-2.9. eine Woche der aktiven Begegnung f\u00fcr junge Menschen aus Bremerhaven mit unseren G\u00e4sten aus Israel organisiert.<\/p>\n<p><strong>Dokumentation Radio Weser TV:<\/strong><br \/>\n<iframe loading=\"lazy\" src=\"https:\/\/www.youtube.com\/embed\/WFrTAfEZets\" width=\"560\" height=\"315\" frameborder=\"0\" allowfullscreen=\"allowfullscreen\"><\/iframe><br \/>\n<!--more--><\/p>\n<p><a href=\"https:\/\/www.bremerhaven.de\/de\/leben-arbeiten\/bildung-forschung\/schule\/september-2019-besuch-aus-israel.94040.html\" target=\"_blank\" rel=\"noopener noreferrer\">Pause im Studio von Radio Weser.TV. Ein M\u00e4dchen improvisiert gekonnt am E-Piano, andere Sch\u00fclerinnen und Sch\u00fcler albern herum und schneiden Grimassen f\u00fcr die Kamera. \u201eI can see you!\u201c,\u00a0unterhalten wird sich ganz zwanglos auf Deutsch und Englisch. Entspannte Atmosph\u00e4re, dann wieder Konzentration: Eine Delegation aus Israel arbeitet zusammen mit der Oberschule Geestem\u00fcnde an einer szenischen Lesung mit Briefen von Jeanette Schocken.<\/a><\/p>\n<p><strong>Jugendaustausch und Briefe von Jeanette Schocken<\/strong><br \/>\n<img loading=\"lazy\" decoding=\"async\" class=\"alignnone size-full wp-image-2993\" src=\"http:\/\/oberschule-geestemuende.de\/wp-content\/uploads\/2019\/09\/In-Berlin.jpg\" alt=\"\" width=\"848\" height=\"477\" srcset=\"https:\/\/www.oberschule-geestemuende.de\/wp-content\/uploads\/2019\/09\/In-Berlin.jpg 848w, https:\/\/www.oberschule-geestemuende.de\/wp-content\/uploads\/2019\/09\/In-Berlin-300x169.jpg 300w, https:\/\/www.oberschule-geestemuende.de\/wp-content\/uploads\/2019\/09\/In-Berlin-768x432.jpg 768w, https:\/\/www.oberschule-geestemuende.de\/wp-content\/uploads\/2019\/09\/In-Berlin-500x281.jpg 500w\" sizes=\"auto, (max-width: 848px) 100vw, 848px\" \/><\/p>\n<p><a href=\"https:\/\/www.bremerhaven.de\/de\/leben-arbeiten\/bildung-forschung\/schule\/september-2019-besuch-aus-israel.94040.html\" target=\"_blank\" rel=\"noopener noreferrer\">Es ist mittlerweile der dreizehnte Jugendaustausch mit Israel, und diesmal begann er auf Einladung des Bremerhavener Abgeordneten Uwe Schmidt mit einem Besuch des Deutschen Bundestages und einer Stadtrundfahrt durch Berlin. <\/a><\/p>\n<p>In Bremerhaven begr\u00fc\u00dfte dann Schul- und Jugenddezernent Michael Frost die G\u00e4ste vom Conservatorium Rosh HaAyin, das 20 Kilometer \u00f6stlich von Tel Aviv gelegen ist. Auf dem eng getakteten Programm stehen neben zwei Partys und einem Stopp in Bremen auch Besuche im Stadttheater und Klimahaus, aber eigentlich sind die 14- und 15j\u00e4hrigen Sch\u00fclerinnen und Sch\u00fcler vor allem zum Arbeiten in die Seestadt gereist. Das Ziel des zehnt\u00e4gigen Aufenthalts ist die Vorbereitung einer szenischen Lesung mit Briefen von Jeanette Schocken, die 1941 von Bremerhaven nach Minsk deportiert wurde und dort im Konzentrationslager starb.<\/p>\n<p>\u201eDass wir bei einem unserer letzten Aufenthalte in Israel eine Kopie dieses Briefverkehrs aus dem Nachlass der Familie in Jerusalem bekommen haben, ist f\u00fcr uns ein unglaubliches Gl\u00fcck und eine gro\u00dfe Ehre\u201c, unterstreicht Jens Carstensen, Lehrer der Oberschule Geestem\u00fcnde, der den Austausch seit 2012 organisiert. Auch diesmal laufen alle F\u00e4den bei ihm zusammen, kooperiert wird mit der Oberschule am SZ Carl von Ossietzky, Radio Weser.TV sowie der Petruskirche und Chorleiterin Vivian Glade, die den Bezug zum Ortsteil Gr\u00fcnh\u00f6fe herstellen.<\/p>\n<p>Fest eingebunden ist au\u00dferdem die junge Bremer Schauspielerin Lena Kluger, die mit Unterst\u00fctzung von Filmemacher und Schauspieler Martin Kemner aus den 170 Briefseiten eine lesbare und verst\u00e4ndliche Fassung macht.<\/p>\n<p><strong>Alles muss ineinandergreifen<\/strong><br \/>\n<img loading=\"lazy\" decoding=\"async\" class=\"alignnone size-full wp-image-2994\" src=\"http:\/\/oberschule-geestemuende.de\/wp-content\/uploads\/2019\/09\/Arbeit-im-Studio.jpg\" alt=\"\" width=\"412\" height=\"309\" srcset=\"https:\/\/www.oberschule-geestemuende.de\/wp-content\/uploads\/2019\/09\/Arbeit-im-Studio.jpg 412w, https:\/\/www.oberschule-geestemuende.de\/wp-content\/uploads\/2019\/09\/Arbeit-im-Studio-300x225.jpg 300w, https:\/\/www.oberschule-geestemuende.de\/wp-content\/uploads\/2019\/09\/Arbeit-im-Studio-400x300.jpg 400w\" sizes=\"auto, (max-width: 412px) 100vw, 412px\" \/><\/p>\n<p><a href=\"https:\/\/www.bremerhaven.de\/de\/leben-arbeiten\/bildung-forschung\/schule\/september-2019-besuch-aus-israel.94040.html\" target=\"_blank\" rel=\"noopener noreferrer\">Bei der Entwicklung der szenischen Lesung greift vieles ineinander: W\u00e4hrend im Studio von Radio Weser.TV an professionellen Fernsehkameras gearbeitet wird, ist eine andere Gruppe mit dem Schnitt und anderen Grundlagen der Produktion besch\u00e4ftigt. Vivian Glade leitet den Musik-Workshop, Martin Kemner sitzt mit deutschen und israelischen Sch\u00fclerinnen und Sch\u00fclern an der Inszenierung der Briefe, ein weiteres Team denkt \u00fcber die \u00dcbersetzung der Dokumente ins Hebr\u00e4ische nach. <\/a><\/p>\n<p>Bis die Lesung am Freitag erstmals aufgezeichnet wird, muss alles sitzen \u2013 und dazu gibt es auch noch gemeinsame Auftritte auf dem Ortsteilfest Gr\u00fcnh\u00f6fe und in der Petruskirche. Also wieder ran, die Pause ist vorbei. Aber f\u00fcr die Jugendlichen mit islamischem, j\u00fcdischem oder christlichem Hintergrund ist die enge Zusammenarbeit ja zum Gl\u00fcck kein Problem: Auf geht\u2019s! (Ulrich M\u00fcller f\u00fcr Bremerhaven.de)<\/p>\n<p><img loading=\"lazy\" decoding=\"async\" class=\"alignnone size-full wp-image-2995\" src=\"http:\/\/oberschule-geestemuende.de\/wp-content\/uploads\/2019\/09\/Konzert.jpg\" alt=\"\" width=\"412\" height=\"309\" srcset=\"https:\/\/www.oberschule-geestemuende.de\/wp-content\/uploads\/2019\/09\/Konzert.jpg 412w, https:\/\/www.oberschule-geestemuende.de\/wp-content\/uploads\/2019\/09\/Konzert-300x225.jpg 300w, https:\/\/www.oberschule-geestemuende.de\/wp-content\/uploads\/2019\/09\/Konzert-400x300.jpg 400w\" sizes=\"auto, (max-width: 412px) 100vw, 412px\" \/><\/p>\n<p>&nbsp;<\/p>\n<p><a href=\"https:\/\/www.bremerhaven.de\/de\/leben-arbeiten\/bildung-forschung\/schule\/september-2019-besuch-aus-israel.94040.html\" target=\"_blank\" rel=\"noopener noreferrer\"><img loading=\"lazy\" decoding=\"async\" class=\"alignnone size-full wp-image-3012\" src=\"http:\/\/oberschule-geestemuende.de\/wp-content\/uploads\/2019\/09\/logbuch-bremerhaven-online.jpg\" alt=\"\" width=\"852\" height=\"204\" srcset=\"https:\/\/www.oberschule-geestemuende.de\/wp-content\/uploads\/2019\/09\/logbuch-bremerhaven-online.jpg 852w, https:\/\/www.oberschule-geestemuende.de\/wp-content\/uploads\/2019\/09\/logbuch-bremerhaven-online-300x72.jpg 300w, https:\/\/www.oberschule-geestemuende.de\/wp-content\/uploads\/2019\/09\/logbuch-bremerhaven-online-768x184.jpg 768w, https:\/\/www.oberschule-geestemuende.de\/wp-content\/uploads\/2019\/09\/logbuch-bremerhaven-online-500x120.jpg 500w\" sizes=\"auto, (max-width: 852px) 100vw, 852px\" \/> <\/a><\/p>\n<p>&nbsp;<\/p>\n<p>Feature &#8222;Meine lieben Kinder&#8220;:<br \/>\n<iframe loading=\"lazy\" src=\"https:\/\/www.youtube.com\/embed\/4vKJtG_86TY\" width=\"560\" height=\"315\" frameborder=\"0\" allowfullscreen=\"allowfullscreen\"><\/iframe><\/p>\n<a href=\"https:\/\/oberschule-geestemuende.de\/wp-content\/uploads\/2019\/09\/Begegnungswoche_NEU.pdf\" class=\"pdfemb-viewer\" style=\"\" data-width=\"max\" data-height=\"max\" data-toolbar=\"bottom\" data-toolbar-fixed=\"off\">Begegnungswoche_NEU<\/a>\n<p>Zum Weiterlesen:<\/p>\n<p><a href=\"http:\/\/oberschule-geestemuende.de\/?p=2518\">Meine lieben Kinder<\/a><br \/>\n<a href=\"http:\/\/oberschule-geestemuende.de\/?p=2344\">Heimat oder Fremde \u2013 der Film<\/a><br \/>\n<a href=\"http:\/\/oberschule-geestemuende.de\/?p=597\">The Begin G&amp;S Band<\/a><br \/>\n<a href=\"http:\/\/oberschule-geestemuende.de\/?p=61\">Projekt Israel<\/a><\/p>\n<p><a href=\"http:\/\/oberschule-geestemuende.de\/wp-content\/uploads\/2019\/09\/Logo-Leiste-August-2019.jpg\"><img loading=\"lazy\" decoding=\"async\" class=\"alignnone size-large wp-image-2972\" src=\"http:\/\/oberschule-geestemuende.de\/wp-content\/uploads\/2019\/09\/Logo-Leiste-August-2019-1024x576.jpg\" alt=\"\" width=\"584\" height=\"329\" srcset=\"https:\/\/www.oberschule-geestemuende.de\/wp-content\/uploads\/2019\/09\/Logo-Leiste-August-2019-1024x576.jpg 1024w, https:\/\/www.oberschule-geestemuende.de\/wp-content\/uploads\/2019\/09\/Logo-Leiste-August-2019-300x169.jpg 300w, https:\/\/www.oberschule-geestemuende.de\/wp-content\/uploads\/2019\/09\/Logo-Leiste-August-2019-768x432.jpg 768w, https:\/\/www.oberschule-geestemuende.de\/wp-content\/uploads\/2019\/09\/Logo-Leiste-August-2019-500x281.jpg 500w, https:\/\/www.oberschule-geestemuende.de\/wp-content\/uploads\/2019\/09\/Logo-Leiste-August-2019.jpg 1920w\" sizes=\"auto, (max-width: 584px) 100vw, 584px\" \/><\/a><\/p>\n<p><a href=\"http:\/\/oberschule-geestemuende.de\/?attachment_id=2903\" rel=\"attachment wp-att-2903\"><img loading=\"lazy\" decoding=\"async\" class=\"alignnone size-full wp-image-2903\" src=\"http:\/\/oberschule-geestemuende.de\/wp-content\/uploads\/2019\/04\/win.jpg\" alt=\"\" width=\"398\" height=\"127\" srcset=\"https:\/\/www.oberschule-geestemuende.de\/wp-content\/uploads\/2019\/04\/win.jpg 398w, https:\/\/www.oberschule-geestemuende.de\/wp-content\/uploads\/2019\/04\/win-300x96.jpg 300w\" sizes=\"auto, (max-width: 398px) 100vw, 398px\" \/><\/a><\/p>\n<p><a href=\"http:\/\/oberschule-geestemuende.de\/?attachment_id=1753\" rel=\"attachment wp-att-1753\"><img loading=\"lazy\" decoding=\"async\" class=\"alignnone size-full wp-image-1753\" src=\"http:\/\/oberschule-geestemuende.de\/wp-content\/uploads\/2018\/10\/A5-Logo_conact.jpg\" alt=\"\" width=\"1123\" height=\"1123\" srcset=\"https:\/\/www.oberschule-geestemuende.de\/wp-content\/uploads\/2018\/10\/A5-Logo_conact.jpg 1123w, https:\/\/www.oberschule-geestemuende.de\/wp-content\/uploads\/2018\/10\/A5-Logo_conact-150x150.jpg 150w, https:\/\/www.oberschule-geestemuende.de\/wp-content\/uploads\/2018\/10\/A5-Logo_conact-300x300.jpg 300w, https:\/\/www.oberschule-geestemuende.de\/wp-content\/uploads\/2018\/10\/A5-Logo_conact-768x768.jpg 768w, https:\/\/www.oberschule-geestemuende.de\/wp-content\/uploads\/2018\/10\/A5-Logo_conact-1024x1024.jpg 1024w\" sizes=\"auto, (max-width: 1123px) 100vw, 1123px\" \/><\/a><\/p>\n","protected":false},"excerpt":{"rendered":"<p>Seit vielen Jahren f\u00f6rdert der Verein f\u00fcr Neue Musik e.V. den internationalen Jugendaustausch mit Israel in Zusammenarbeit u.a. mit dem Stadtjugendring und der Medienwerkstatt der Oberschule-Geestem\u00fcnde. Zusammen mit der CvO und der Gemeinde der Petruskirche und dem dort ans\u00e4ssigen Gospelprojekt &hellip; <a href=\"https:\/\/www.oberschule-geestemuende.de\/?p=2967\">Weiterlesen <span class=\"meta-nav\">&rarr;<\/span><\/a><\/p>\n","protected":false},"author":2,"featured_media":2969,"comment_status":"open","ping_status":"open","sticky":false,"template":"","format":"standard","meta":{"_monsterinsights_skip_tracking":false,"_monsterinsights_sitenote_active":false,"_monsterinsights_sitenote_note":"","_monsterinsights_sitenote_category":0,"footnotes":""},"categories":[6],"tags":[],"class_list":["post-2967","post","type-post","status-publish","format-standard","has-post-thumbnail","hentry","category-projekt-israel"],"aioseo_notices":[],"_links":{"self":[{"href":"https:\/\/www.oberschule-geestemuende.de\/index.php?rest_route=\/wp\/v2\/posts\/2967","targetHints":{"allow":["GET"]}}],"collection":[{"href":"https:\/\/www.oberschule-geestemuende.de\/index.php?rest_route=\/wp\/v2\/posts"}],"about":[{"href":"https:\/\/www.oberschule-geestemuende.de\/index.php?rest_route=\/wp\/v2\/types\/post"}],"author":[{"embeddable":true,"href":"https:\/\/www.oberschule-geestemuende.de\/index.php?rest_route=\/wp\/v2\/users\/2"}],"replies":[{"embeddable":true,"href":"https:\/\/www.oberschule-geestemuende.de\/index.php?rest_route=%2Fwp%2Fv2%2Fcomments&post=2967"}],"version-history":[{"count":17,"href":"https:\/\/www.oberschule-geestemuende.de\/index.php?rest_route=\/wp\/v2\/posts\/2967\/revisions"}],"predecessor-version":[{"id":4594,"href":"https:\/\/www.oberschule-geestemuende.de\/index.php?rest_route=\/wp\/v2\/posts\/2967\/revisions\/4594"}],"wp:featuredmedia":[{"embeddable":true,"href":"https:\/\/www.oberschule-geestemuende.de\/index.php?rest_route=\/wp\/v2\/media\/2969"}],"wp:attachment":[{"href":"https:\/\/www.oberschule-geestemuende.de\/index.php?rest_route=%2Fwp%2Fv2%2Fmedia&parent=2967"}],"wp:term":[{"taxonomy":"category","embeddable":true,"href":"https:\/\/www.oberschule-geestemuende.de\/index.php?rest_route=%2Fwp%2Fv2%2Fcategories&post=2967"},{"taxonomy":"post_tag","embeddable":true,"href":"https:\/\/www.oberschule-geestemuende.de\/index.php?rest_route=%2Fwp%2Fv2%2Ftags&post=2967"}],"curies":[{"name":"wp","href":"https:\/\/api.w.org\/{rel}","templated":true}]}}