{"id":4331,"date":"2022-03-11T23:42:07","date_gmt":"2022-03-11T22:42:07","guid":{"rendered":"https:\/\/oberschule-geestemuende.de\/?p=4331"},"modified":"2022-03-20T21:02:10","modified_gmt":"2022-03-20T20:02:10","slug":"kooperation-mit-dem-sv-werder-bremen","status":"publish","type":"post","link":"https:\/\/www.oberschule-geestemuende.de\/?p=4331","title":{"rendered":"Kooperation mit dem SV Werder Bremen"},"content":{"rendered":"<p>Aktiv f\u00fcr den Nachwuchs<\/p>\n<p>Teil des umfangreichen Netzwerkes der Oberschule Geestem\u00fcnde ist die Kooperation mit dem SV Werder Bremen.<\/p>\n<p><a href=\"http:\/\/oberschule-geestemuende.de\/wp-content\/uploads\/2022\/03\/svw-osg-koop-webjpg.jpg\"><img loading=\"lazy\" decoding=\"async\" class=\"alignleft size-large wp-image-4333\" src=\"http:\/\/oberschule-geestemuende.de\/wp-content\/uploads\/2022\/03\/svw-osg-koop-webjpg-1024x571.jpg\" alt=\"\" width=\"584\" height=\"326\" srcset=\"https:\/\/www.oberschule-geestemuende.de\/wp-content\/uploads\/2022\/03\/svw-osg-koop-webjpg-1024x571.jpg 1024w, https:\/\/www.oberschule-geestemuende.de\/wp-content\/uploads\/2022\/03\/svw-osg-koop-webjpg-300x167.jpg 300w, https:\/\/www.oberschule-geestemuende.de\/wp-content\/uploads\/2022\/03\/svw-osg-koop-webjpg-768x428.jpg 768w, https:\/\/www.oberschule-geestemuende.de\/wp-content\/uploads\/2022\/03\/svw-osg-koop-webjpg-1536x856.jpg 1536w, https:\/\/www.oberschule-geestemuende.de\/wp-content\/uploads\/2022\/03\/svw-osg-koop-webjpg-500x279.jpg 500w, https:\/\/www.oberschule-geestemuende.de\/wp-content\/uploads\/2022\/03\/svw-osg-koop-webjpg.jpg 2000w\" sizes=\"auto, (max-width: 584px) 100vw, 584px\" \/><\/a><br \/>\nUm Kindern und Jugendlichen einen kontinuierlichen Sportzugang zu erm\u00f6glichen, werden w\u00f6chentliche Sport- und Bewegungsangebote sowie regelm\u00e4\u00dfige Events in der Betreuungszeit, Freizeit und Ferienzeit angeboten.<\/p>\n<p>Durchgef\u00fchrt werden die Programme an der OSG von Coaches des SV Werder Bremen in Kooperation mit den Kolleg*innen unserer Schule. <!--more--><\/p>\n<p>Die Teilnehmer:innen und Partnerinstitutionen werden regelm\u00e4\u00dfig aus- und fortgebildet und so bef\u00e4higt, mittel- und langfristig selbstst\u00e4ndig Angebote umzusetzen.<\/p>\n<p>Wir sind dabei! <!--more--><\/p>\n<p><strong>Unser Trainer ist Arian Schulz<\/strong>. <\/p>\n<p><strong>Und das sagt Arian \u00fcber sich:<\/strong><br \/>\n&#8222;Ich bin 19 jahre alt und lebe in Bremerhaven und habe hier im letzten Jahr mein Abitur am Lloyd Gymnasium gemacht. Bis zum Beginn meines Studiums absolviere ich ein Freiwilliges Soziales Jahr beim SV Werder Bremen. Zu Beginn durfte ich dort meine Trainerlizenz machen und bin nun Teil des Spielraumprojektes. Als Spielraum-Coach bin ich in Kitas, Grundschulen und weiterf\u00fchrenden Schulen zwischen Bremen und Cuxhaven mit unseren Fu\u00dfball- und Ballschulangeboten unterwegs. <\/p>\n<p>Fu\u00dfball spiele ich schon seit dem ich laufen kann, weshalb es mir unglaublich Spa\u00df macht, meine Leidenschaft mit den Kindern zu teilen.<\/p>\n<p>Ziel von Werder ist es, der heutigen Bewegungsarmut von Kindern und Jugendlichen etwas entgegen zu setzten. Wir wollen Sportbiografien erm\u00f6glichen, f\u00fcr den Sport begeistern, um so die Gesellschaft positiv zu ver\u00e4ndern.<br \/>\nAn der OSG Geestem\u00fcnde betreue ich eine sechste und siebte Klasse.<br \/>\nDie Kinder in diesen Jahrg\u00e4ngen sind in dem perfekten Alter, fu\u00dfballerische Grundlagen aufzunehmen und umzusetzen.<br \/>\nFu\u00dfball lernt man am besten, in dem man es spielt. Deswegen wird viel Zeit in das Spielen investiert, um so viel Spielerfahrung zu erm\u00f6glichen. F\u00fcr den Extraspa\u00df sind immer auch andere Ballspiele im Angebot&#8220;. <\/p>\n<p>Mehr \u00fcber das <a href=\"https:\/\/www.werder.de\/aktuell\/news\/werder-bewegt\/20212022\/spielraum-fuer-mehr-bewegung-11102021\/\" rel=\"noopener\" target=\"_blank\">Konzept Spielraum vom SV Werder Bremen<\/a><\/p>\n","protected":false},"excerpt":{"rendered":"<p>Aktiv f\u00fcr den Nachwuchs Teil des umfangreichen Netzwerkes der Oberschule Geestem\u00fcnde ist die Kooperation mit dem SV Werder Bremen. Um Kindern und Jugendlichen einen kontinuierlichen Sportzugang zu erm\u00f6glichen, werden w\u00f6chentliche Sport- und Bewegungsangebote sowie regelm\u00e4\u00dfige Events in der Betreuungszeit, Freizeit &hellip; <a href=\"https:\/\/www.oberschule-geestemuende.de\/?p=4331\">Weiterlesen <span class=\"meta-nav\">&rarr;<\/span><\/a><\/p>\n","protected":false},"author":2,"featured_media":4332,"comment_status":"open","ping_status":"open","sticky":false,"template":"","format":"standard","meta":{"_monsterinsights_skip_tracking":false,"_monsterinsights_sitenote_active":false,"_monsterinsights_sitenote_note":"","_monsterinsights_sitenote_category":0,"footnotes":""},"categories":[1],"tags":[],"class_list":["post-4331","post","type-post","status-publish","format-standard","has-post-thumbnail","hentry","category-uncategorized"],"aioseo_notices":[],"_links":{"self":[{"href":"https:\/\/www.oberschule-geestemuende.de\/index.php?rest_route=\/wp\/v2\/posts\/4331","targetHints":{"allow":["GET"]}}],"collection":[{"href":"https:\/\/www.oberschule-geestemuende.de\/index.php?rest_route=\/wp\/v2\/posts"}],"about":[{"href":"https:\/\/www.oberschule-geestemuende.de\/index.php?rest_route=\/wp\/v2\/types\/post"}],"author":[{"embeddable":true,"href":"https:\/\/www.oberschule-geestemuende.de\/index.php?rest_route=\/wp\/v2\/users\/2"}],"replies":[{"embeddable":true,"href":"https:\/\/www.oberschule-geestemuende.de\/index.php?rest_route=%2Fwp%2Fv2%2Fcomments&post=4331"}],"version-history":[{"count":6,"href":"https:\/\/www.oberschule-geestemuende.de\/index.php?rest_route=\/wp\/v2\/posts\/4331\/revisions"}],"predecessor-version":[{"id":4343,"href":"https:\/\/www.oberschule-geestemuende.de\/index.php?rest_route=\/wp\/v2\/posts\/4331\/revisions\/4343"}],"wp:featuredmedia":[{"embeddable":true,"href":"https:\/\/www.oberschule-geestemuende.de\/index.php?rest_route=\/wp\/v2\/media\/4332"}],"wp:attachment":[{"href":"https:\/\/www.oberschule-geestemuende.de\/index.php?rest_route=%2Fwp%2Fv2%2Fmedia&parent=4331"}],"wp:term":[{"taxonomy":"category","embeddable":true,"href":"https:\/\/www.oberschule-geestemuende.de\/index.php?rest_route=%2Fwp%2Fv2%2Fcategories&post=4331"},{"taxonomy":"post_tag","embeddable":true,"href":"https:\/\/www.oberschule-geestemuende.de\/index.php?rest_route=%2Fwp%2Fv2%2Ftags&post=4331"}],"curies":[{"name":"wp","href":"https:\/\/api.w.org\/{rel}","templated":true}]}}