{"id":4612,"date":"2024-09-04T21:23:05","date_gmt":"2024-09-04T19:23:05","guid":{"rendered":"https:\/\/www.oberschule-geestemuende.de\/?p=4612"},"modified":"2024-09-04T21:23:05","modified_gmt":"2024-09-04T19:23:05","slug":"eine-kleine-windmusik","status":"publish","type":"post","link":"https:\/\/www.oberschule-geestemuende.de\/?p=4612","title":{"rendered":"Eine kleine Windmusik"},"content":{"rendered":"<p>Wir laden ein zum Strandprojekt 2024<\/p>\n<p>Der Jahrgang 7 und die Klasse 5c treffen in froher Erwartung auf die beiden K\u00fcnsterlinnen Anke Sauer und Kirsten Sauer vom Zentrum Wind, Kunst, Kultur. Eine Zusammenarbeit, die die OS schon seit vielen Jahren pflegt. In diesem Jahr geht es um eine Lanaiteninstallation und Flimmerbilder!<\/p>\n<p><a href=\"https:\/\/www.oberschule-geestemuende.de\/wp-content\/uploads\/2024\/09\/windmusik_handzettel_DIN_A5_RZ-2.jpg\"><img loading=\"lazy\" decoding=\"async\" class=\"alignleft size-full wp-image-4613\" src=\"https:\/\/www.oberschule-geestemuende.de\/wp-content\/uploads\/2024\/09\/windmusik_handzettel_DIN_A5_RZ-2.jpg\" alt=\"\" width=\"1000\" height=\"1419\" srcset=\"https:\/\/www.oberschule-geestemuende.de\/wp-content\/uploads\/2024\/09\/windmusik_handzettel_DIN_A5_RZ-2.jpg 1000w, https:\/\/www.oberschule-geestemuende.de\/wp-content\/uploads\/2024\/09\/windmusik_handzettel_DIN_A5_RZ-2-211x300.jpg 211w, https:\/\/www.oberschule-geestemuende.de\/wp-content\/uploads\/2024\/09\/windmusik_handzettel_DIN_A5_RZ-2-768x1090.jpg 768w, https:\/\/www.oberschule-geestemuende.de\/wp-content\/uploads\/2024\/09\/windmusik_handzettel_DIN_A5_RZ-2-541x768.jpg 541w\" sizes=\"auto, (max-width: 1000px) 100vw, 1000px\" \/><\/a> <a href=\"https:\/\/www.oberschule-geestemuende.de\/wp-content\/uploads\/2024\/09\/windmusik_handzettel_DIN_A5_RZ-1.jpg\"><img loading=\"lazy\" decoding=\"async\" class=\"alignleft size-full wp-image-4614\" src=\"https:\/\/www.oberschule-geestemuende.de\/wp-content\/uploads\/2024\/09\/windmusik_handzettel_DIN_A5_RZ-1.jpg\" alt=\"\" width=\"1000\" height=\"1419\" srcset=\"https:\/\/www.oberschule-geestemuende.de\/wp-content\/uploads\/2024\/09\/windmusik_handzettel_DIN_A5_RZ-1.jpg 1000w, https:\/\/www.oberschule-geestemuende.de\/wp-content\/uploads\/2024\/09\/windmusik_handzettel_DIN_A5_RZ-1-211x300.jpg 211w, https:\/\/www.oberschule-geestemuende.de\/wp-content\/uploads\/2024\/09\/windmusik_handzettel_DIN_A5_RZ-1-768x1090.jpg 768w, https:\/\/www.oberschule-geestemuende.de\/wp-content\/uploads\/2024\/09\/windmusik_handzettel_DIN_A5_RZ-1-541x768.jpg 541w\" sizes=\"auto, (max-width: 1000px) 100vw, 1000px\" \/><\/a><br \/>\n<!--more--><br \/>\nWir freuen uns \u00fcber die F\u00f6rderung Wohnen in Nachbarschaften durch den Vergabeausschuss S\u00fcd und \u00fcber die Bereitschaft der B\u00e4dergesellschaft, uns ein weiteres Mal bei der Realisierung im Strandbad zu unterst\u00fctzen.<\/p>\n<p><a href=\"https:\/\/www.oberschule-geestemuende.de\/wp-content\/uploads\/2019\/04\/win.jpg\"><img loading=\"lazy\" decoding=\"async\" src=\"https:\/\/www.oberschule-geestemuende.de\/wp-content\/uploads\/2019\/04\/win.jpg\" alt=\"\" width=\"398\" height=\"127\" class=\"alignleft size-full wp-image-2903\" srcset=\"https:\/\/www.oberschule-geestemuende.de\/wp-content\/uploads\/2019\/04\/win.jpg 398w, https:\/\/www.oberschule-geestemuende.de\/wp-content\/uploads\/2019\/04\/win-300x96.jpg 300w\" sizes=\"auto, (max-width: 398px) 100vw, 398px\" \/><\/a><\/p>\n<p><a href=\"https:\/\/www.oberschule-geestemuende.de\/wp-content\/uploads\/2021\/03\/baedergesellschaft-bhv.jpg\"><img loading=\"lazy\" decoding=\"async\" src=\"https:\/\/www.oberschule-geestemuende.de\/wp-content\/uploads\/2021\/03\/baedergesellschaft-bhv.jpg\" alt=\"\" width=\"398\" height=\"95\" class=\"alignleft size-full wp-image-3992\" srcset=\"https:\/\/www.oberschule-geestemuende.de\/wp-content\/uploads\/2021\/03\/baedergesellschaft-bhv.jpg 398w, https:\/\/www.oberschule-geestemuende.de\/wp-content\/uploads\/2021\/03\/baedergesellschaft-bhv-300x72.jpg 300w\" sizes=\"auto, (max-width: 398px) 100vw, 398px\" \/><\/a><\/p>\n","protected":false},"excerpt":{"rendered":"<p>Wir laden ein zum Strandprojekt 2024 Der Jahrgang 7 und die Klasse 5c treffen in froher Erwartung auf die beiden K\u00fcnsterlinnen Anke Sauer und Kirsten Sauer vom Zentrum Wind, Kunst, Kultur. Eine Zusammenarbeit, die die OS schon seit vielen Jahren &hellip; <a href=\"https:\/\/www.oberschule-geestemuende.de\/?p=4612\">Weiterlesen <span class=\"meta-nav\">&rarr;<\/span><\/a><\/p>\n","protected":false},"author":2,"featured_media":4614,"comment_status":"open","ping_status":"open","sticky":false,"template":"","format":"standard","meta":{"_monsterinsights_skip_tracking":false,"_monsterinsights_sitenote_active":false,"_monsterinsights_sitenote_note":"","_monsterinsights_sitenote_category":0,"footnotes":""},"categories":[5,7],"tags":[],"class_list":["post-4612","post","type-post","status-publish","format-standard","has-post-thumbnail","hentry","category-projekte","category-windkunstfestival"],"aioseo_notices":[],"_links":{"self":[{"href":"https:\/\/www.oberschule-geestemuende.de\/index.php?rest_route=\/wp\/v2\/posts\/4612","targetHints":{"allow":["GET"]}}],"collection":[{"href":"https:\/\/www.oberschule-geestemuende.de\/index.php?rest_route=\/wp\/v2\/posts"}],"about":[{"href":"https:\/\/www.oberschule-geestemuende.de\/index.php?rest_route=\/wp\/v2\/types\/post"}],"author":[{"embeddable":true,"href":"https:\/\/www.oberschule-geestemuende.de\/index.php?rest_route=\/wp\/v2\/users\/2"}],"replies":[{"embeddable":true,"href":"https:\/\/www.oberschule-geestemuende.de\/index.php?rest_route=%2Fwp%2Fv2%2Fcomments&post=4612"}],"version-history":[{"count":1,"href":"https:\/\/www.oberschule-geestemuende.de\/index.php?rest_route=\/wp\/v2\/posts\/4612\/revisions"}],"predecessor-version":[{"id":4615,"href":"https:\/\/www.oberschule-geestemuende.de\/index.php?rest_route=\/wp\/v2\/posts\/4612\/revisions\/4615"}],"wp:featuredmedia":[{"embeddable":true,"href":"https:\/\/www.oberschule-geestemuende.de\/index.php?rest_route=\/wp\/v2\/media\/4614"}],"wp:attachment":[{"href":"https:\/\/www.oberschule-geestemuende.de\/index.php?rest_route=%2Fwp%2Fv2%2Fmedia&parent=4612"}],"wp:term":[{"taxonomy":"category","embeddable":true,"href":"https:\/\/www.oberschule-geestemuende.de\/index.php?rest_route=%2Fwp%2Fv2%2Fcategories&post=4612"},{"taxonomy":"post_tag","embeddable":true,"href":"https:\/\/www.oberschule-geestemuende.de\/index.php?rest_route=%2Fwp%2Fv2%2Ftags&post=4612"}],"curies":[{"name":"wp","href":"https:\/\/api.w.org\/{rel}","templated":true}]}}