{"id":4704,"date":"2025-06-08T01:19:48","date_gmt":"2025-06-07T23:19:48","guid":{"rendered":"https:\/\/www.oberschule-geestemuende.de\/?p=4704"},"modified":"2026-03-12T00:31:44","modified_gmt":"2026-03-11T23:31:44","slug":"cooltour-2025","status":"publish","type":"post","link":"https:\/\/www.oberschule-geestemuende.de\/?p=4704","title":{"rendered":"Schulkultur Finale 2025"},"content":{"rendered":"<p>Mit dem Schulkulturfestival 2025 verabschiedet sich unser langj\u00e4hriger Kulturmacher Jens Carstensen in den beruflichen Ruhestand. In vier Workshops \u00fcberlassen wir nochmals den Highlights der vergangenen Jahre die B\u00fchne.<br \/>\nWir feiern in der Woche vom 14.-20. Juni 2025 in guter Tradition an verschiedenen Kulturorten der Stadt.<\/p>\n<p><!--more--><\/p>\n<p><strong>Was ist passiert?:<\/strong><br \/>\n&#8222;Wenn ich fliegen k\u00f6nnte&#8230;&#8220; ist nicht nur das Motto des gesamten Festivals, sondern auch einmal mehr ein Workshop f\u00fcr Kunstdrachen in Form von menschlischen K\u00f6rpern, die unter Anleitung von Kirsten Sauer und Anke Sauer mit dem 5. Jahrgang der Oberschule Geestem\u00fcnde gebaut und anschlie\u00dfend in den Himmel gestellt werden.<\/p>\n<p>\u00dcber viele Jahre hat Ralf Schreiber Projekte zwischen Kunst und Musik mit unseren Sch\u00fclerinnen inszeniert. Selbstgel\u00f6tete Kleinstelektroniken werden zu kleinen Kunstwerken. Diesmal werden die im Laufe von 15 Jahren entstandenen kleinen elektronischen Module \u00fcberholt und von der Musik-AG f\u00fcr die finale Abschlusspr\u00e4sentation vorbereitet. Unterst\u00fctzt wird er dabei von der japanischen K\u00fcnstlerin Miki Yui.<\/p>\n<p>Ibrahima &#8222;Ibou&#8220; Ndiaye ist quasi der literarische Schulpate der OSG. \u00dcber viele Jahre hat der aus dem Senegal stammende Autor unsere Sch\u00fcler:innen mit seiner unverwechselbare Mischung aus afikanischer Erz\u00e4hlkunst und Trommelmusiken begeistert und eingeladen, gemeinsam afrikanische M\u00e4rchen zu erz\u00e4hlen. In Begleitung von Daoud Chaib kann diesmal die Klasse 6c ihr Erz\u00e4hltalent entfalten.<\/p>\n<p>Literatur ist auch die Kunstform des Berliner Poetry Slam &#8211; und Comedy Poeten Julian Heun. Die Kulturreporter gehen auf die Suche nach dem Ursprung der Kreativit\u00e4t und befragen sich und andere K\u00fcnstler, warum man sich dem Sog des k\u00fcnstlerischen Treibens nicht entziehen mag.<\/p>\n<p>Die Klasse 10d wiederum inszeniert im Rudi &#8211; Ort f\u00fcr Kultur noch einmal ihre Ausstellung &#8222;Hommage an Rolf Julius&#8220;, die im Herbst 2024 entstanden ist.<\/p>\n<p>Drei\u00dfig Jahre kulturelle Bildung &#8211; da wollen wir auch einmal retrospektiv werden. Im Historischen Museum pr\u00e4sentieren wir 25 ausgew\u00e4hlte Film-\/Videoproduktionen aus 27 Jahren, die in der Medienwerkstatt entstanden.<br \/>\n\u00dcber die gesamte Zeit war unsere Sozialp\u00e4dagogin Susanne Carstensen mit ihrer Fotokamera eine treue Projektbegleiterin und hat unsere Arbeit dokumentiert. Wir erinnern uns in einer Ausstellung in der Stadtbibliothek.<\/p>\n<p><strong>Das Programm:<\/strong><br \/>\nSa. 14. Juni, ab 17 Uhr, Rudi &#8211; Ort f\u00fcr Kunst, Schleusenstr.15<br \/>\n<strong>Hommage an Rolf Julius<\/strong> Klangkunstausstellung und Konzerte<br \/>\ngef\u00f6rdert: Bremer Schuloffensive<\/p>\n<p>Di. 17. Juni, 17 Uhr, Historisches Museum, An der Geeste<br \/>\n<strong>Filmretrospektive<\/strong><br \/>\ngef\u00f6rdert: Dieckell-Stiftung<\/p>\n<p>Mi. 18. Juni, 19 Uhr, Werk, B\u00fcrger 218<br \/>\n<strong>Lesung Julian Heun<\/strong><br \/>\ngef\u00f6rdert: Friedrich-B\u00f6decker-Kreis<\/p>\n<p>Do. 19. Juni, 18:30 Uhr, Stadtbibliothek, Obere B\u00fcrger<br \/>\n<strong>Foto-Ausstellung Susanne Carstensen<\/strong> mit zahlreichen Kulturbeitr\u00e4gen aus den aktuellen Projekten<br \/>\ngef\u00f6rdert: Dieckel-Stiftung (Ausstellung), Friedrich-B\u00f6decker-Kreise e.V. Kultur macht stark &#8211; B\u00fcndnisse f\u00fcr Bildung (Programm)<\/p>\n<p>Fr. 20. Juni, 11 Uhr, Strandbad Bremerhaven<br \/>\n<strong>Windkunst Pr\u00e4sentation &#8222;Wenn ich fliegen k\u00f6nnte&#8230;&#8220;<\/strong><br \/>\ngef\u00f6rdert: Stiftung Sparda Bank Hannover, Cornelius von der Hellen Stiftung, Schulverein OSG International<\/p>\n<p>Fr. 20. Juni, 17 Uhr; Rudi &#8211; Ort f\u00fcr Kunst, Schleusenstr. 15<br \/>\n<strong>Die KUULTUURREPORTER<\/strong><br \/>\ngef\u00f6rdert: Friedrich-B\u00f6decker-Kreise e.V. Kultur macht stark &#8211; B\u00fcndnisse f\u00fcr Bildung<\/p>\n<p><strong>Sunny Sounds<\/strong><br \/>\ngef\u00f6rdert: Bremer Schuloffensive, swb<\/p>\n<p>&nbsp;<\/p>\n<p><strong>Wir bedanken uns bei den Unterst\u00fctzern des Schulkulturfestivals  2025:<\/strong><\/p>\n<p><a href=\"https:\/\/www.oberschule-geestemuende.de\/wp-content\/uploads\/2022\/06\/bremerhaven.jpg\"><img loading=\"lazy\" decoding=\"async\" class=\"alignleft size-full wp-image-4401\" src=\"https:\/\/www.oberschule-geestemuende.de\/wp-content\/uploads\/2022\/06\/bremerhaven.jpg\" alt=\"\" width=\"1500\" height=\"500\" srcset=\"https:\/\/www.oberschule-geestemuende.de\/wp-content\/uploads\/2022\/06\/bremerhaven.jpg 1500w, https:\/\/www.oberschule-geestemuende.de\/wp-content\/uploads\/2022\/06\/bremerhaven-300x100.jpg 300w, https:\/\/www.oberschule-geestemuende.de\/wp-content\/uploads\/2022\/06\/bremerhaven-1024x341.jpg 1024w, https:\/\/www.oberschule-geestemuende.de\/wp-content\/uploads\/2022\/06\/bremerhaven-768x256.jpg 768w, https:\/\/www.oberschule-geestemuende.de\/wp-content\/uploads\/2022\/06\/bremerhaven-500x167.jpg 500w\" sizes=\"auto, (max-width: 1500px) 100vw, 1500px\" \/><\/a><\/p>\n<p><a href=\"https:\/\/www.oberschule-geestemuende.de\/wp-content\/uploads\/2022\/07\/logo-common_RZ.png\"><img loading=\"lazy\" decoding=\"async\" class=\"alignleft size-full wp-image-4425\" src=\"https:\/\/www.oberschule-geestemuende.de\/wp-content\/uploads\/2022\/07\/logo-common_RZ.png\" alt=\"\" width=\"177\" height=\"59\" \/><\/a><\/p>\n<p><a href=\"https:\/\/www.oberschule-geestemuende.de\/wp-content\/uploads\/2023\/09\/FBK-Footer-GFX_02.png\"><img loading=\"lazy\" decoding=\"async\" class=\"alignleft size-full wp-image-4489\" src=\"https:\/\/www.oberschule-geestemuende.de\/wp-content\/uploads\/2023\/09\/FBK-Footer-GFX_02.png\" alt=\"\" width=\"300\" height=\"200\" \/><\/a><\/p>\n<p><a href=\"https:\/\/www.oberschule-geestemuende.de\/wp-content\/uploads\/2019\/07\/logo-kultur-macht-stark-bmbf-big.png\"><img loading=\"lazy\" decoding=\"async\" class=\"alignleft size-full wp-image-2947\" src=\"https:\/\/www.oberschule-geestemuende.de\/wp-content\/uploads\/2019\/07\/logo-kultur-macht-stark-bmbf-big.png\" alt=\"\" width=\"1137\" height=\"401\" srcset=\"https:\/\/www.oberschule-geestemuende.de\/wp-content\/uploads\/2019\/07\/logo-kultur-macht-stark-bmbf-big.png 1137w, https:\/\/www.oberschule-geestemuende.de\/wp-content\/uploads\/2019\/07\/logo-kultur-macht-stark-bmbf-big-300x106.png 300w, https:\/\/www.oberschule-geestemuende.de\/wp-content\/uploads\/2019\/07\/logo-kultur-macht-stark-bmbf-big-768x271.png 768w, https:\/\/www.oberschule-geestemuende.de\/wp-content\/uploads\/2019\/07\/logo-kultur-macht-stark-bmbf-big-1024x361.png 1024w, https:\/\/www.oberschule-geestemuende.de\/wp-content\/uploads\/2019\/07\/logo-kultur-macht-stark-bmbf-big-500x176.png 500w\" sizes=\"auto, (max-width: 1137px) 100vw, 1137px\" \/><\/a><\/p>\n<p><a href=\"https:\/\/www.oberschule-geestemuende.de\/wp-content\/uploads\/2021\/03\/baedergesellschaft-bhv.jpg\"><img loading=\"lazy\" decoding=\"async\" class=\"alignleft size-full wp-image-3992\" src=\"https:\/\/www.oberschule-geestemuende.de\/wp-content\/uploads\/2021\/03\/baedergesellschaft-bhv.jpg\" alt=\"\" width=\"398\" height=\"95\" srcset=\"https:\/\/www.oberschule-geestemuende.de\/wp-content\/uploads\/2021\/03\/baedergesellschaft-bhv.jpg 398w, https:\/\/www.oberschule-geestemuende.de\/wp-content\/uploads\/2021\/03\/baedergesellschaft-bhv-300x72.jpg 300w\" sizes=\"auto, (max-width: 398px) 100vw, 398px\" \/><\/a><\/p>\n<p><a href=\"https:\/\/www.oberschule-geestemuende.de\/wp-content\/uploads\/2019\/05\/bso_logo_blau_cmyk.jpg\"><img loading=\"lazy\" decoding=\"async\" class=\"alignleft size-full wp-image-3507\" src=\"https:\/\/www.oberschule-geestemuende.de\/wp-content\/uploads\/2019\/05\/bso_logo_blau_cmyk.jpg\" alt=\"\" width=\"1246\" height=\"811\" srcset=\"https:\/\/www.oberschule-geestemuende.de\/wp-content\/uploads\/2019\/05\/bso_logo_blau_cmyk.jpg 1246w, https:\/\/www.oberschule-geestemuende.de\/wp-content\/uploads\/2019\/05\/bso_logo_blau_cmyk-300x195.jpg 300w, https:\/\/www.oberschule-geestemuende.de\/wp-content\/uploads\/2019\/05\/bso_logo_blau_cmyk-1024x667.jpg 1024w, https:\/\/www.oberschule-geestemuende.de\/wp-content\/uploads\/2019\/05\/bso_logo_blau_cmyk-768x500.jpg 768w, https:\/\/www.oberschule-geestemuende.de\/wp-content\/uploads\/2019\/05\/bso_logo_blau_cmyk-461x300.jpg 461w\" sizes=\"auto, (max-width: 1246px) 100vw, 1246px\" \/><\/a><\/p>\n<p><a href=\"https:\/\/www.oberschule-geestemuende.de\/wp-content\/uploads\/2019\/05\/swb-bildungsinitiative.jpg\"><img loading=\"lazy\" decoding=\"async\" class=\"alignleft size-full wp-image-2790\" src=\"https:\/\/www.oberschule-geestemuende.de\/wp-content\/uploads\/2019\/05\/swb-bildungsinitiative.jpg\" alt=\"\" width=\"416\" height=\"294\" srcset=\"https:\/\/www.oberschule-geestemuende.de\/wp-content\/uploads\/2019\/05\/swb-bildungsinitiative.jpg 416w, https:\/\/www.oberschule-geestemuende.de\/wp-content\/uploads\/2019\/05\/swb-bildungsinitiative-300x212.jpg 300w\" sizes=\"auto, (max-width: 416px) 100vw, 416px\" \/><\/a><\/p>\n<p><a href=\"https:\/\/www.oberschule-geestemuende.de\/wp-content\/uploads\/2018\/12\/91A21B44-31D1-45AA-BFCC-1DFE65B8575E.jpeg\"><img loading=\"lazy\" decoding=\"async\" class=\"alignleft size-full wp-image-2253\" src=\"https:\/\/www.oberschule-geestemuende.de\/wp-content\/uploads\/2018\/12\/91A21B44-31D1-45AA-BFCC-1DFE65B8575E.jpeg\" alt=\"\" width=\"1295\" height=\"350\" srcset=\"https:\/\/www.oberschule-geestemuende.de\/wp-content\/uploads\/2018\/12\/91A21B44-31D1-45AA-BFCC-1DFE65B8575E.jpeg 1295w, https:\/\/www.oberschule-geestemuende.de\/wp-content\/uploads\/2018\/12\/91A21B44-31D1-45AA-BFCC-1DFE65B8575E-300x81.jpeg 300w, https:\/\/www.oberschule-geestemuende.de\/wp-content\/uploads\/2018\/12\/91A21B44-31D1-45AA-BFCC-1DFE65B8575E-768x208.jpeg 768w, https:\/\/www.oberschule-geestemuende.de\/wp-content\/uploads\/2018\/12\/91A21B44-31D1-45AA-BFCC-1DFE65B8575E-1024x277.jpeg 1024w, https:\/\/www.oberschule-geestemuende.de\/wp-content\/uploads\/2018\/12\/91A21B44-31D1-45AA-BFCC-1DFE65B8575E-500x135.jpeg 500w\" sizes=\"auto, (max-width: 1295px) 100vw, 1295px\" \/><\/a><\/p>\n<p><a href=\"https:\/\/www.oberschule-geestemuende.de\/wp-content\/uploads\/2018\/09\/Logo_SSBH_300dpi_CMYK.jpg\"><img loading=\"lazy\" decoding=\"async\" class=\"alignleft size-full wp-image-1436\" src=\"https:\/\/www.oberschule-geestemuende.de\/wp-content\/uploads\/2018\/09\/Logo_SSBH_300dpi_CMYK.jpg\" alt=\"\" width=\"2021\" height=\"1825\" srcset=\"https:\/\/www.oberschule-geestemuende.de\/wp-content\/uploads\/2018\/09\/Logo_SSBH_300dpi_CMYK.jpg 2021w, https:\/\/www.oberschule-geestemuende.de\/wp-content\/uploads\/2018\/09\/Logo_SSBH_300dpi_CMYK-300x271.jpg 300w, https:\/\/www.oberschule-geestemuende.de\/wp-content\/uploads\/2018\/09\/Logo_SSBH_300dpi_CMYK-768x694.jpg 768w, https:\/\/www.oberschule-geestemuende.de\/wp-content\/uploads\/2018\/09\/Logo_SSBH_300dpi_CMYK-1024x925.jpg 1024w, https:\/\/www.oberschule-geestemuende.de\/wp-content\/uploads\/2018\/09\/Logo_SSBH_300dpi_CMYK-332x300.jpg 332w\" sizes=\"auto, (max-width: 2021px) 100vw, 2021px\" \/><\/a><\/p>\n<p><a href=\"https:\/\/www.oberschule-geestemuende.de\/wp-content\/uploads\/2025\/06\/Dieckell_Sitfung_Logo.png\"><img loading=\"lazy\" decoding=\"async\" class=\"alignleft size-full wp-image-4710\" src=\"https:\/\/www.oberschule-geestemuende.de\/wp-content\/uploads\/2025\/06\/Dieckell_Sitfung_Logo.png\" alt=\"\" width=\"912\" height=\"273\" srcset=\"https:\/\/www.oberschule-geestemuende.de\/wp-content\/uploads\/2025\/06\/Dieckell_Sitfung_Logo.png 912w, https:\/\/www.oberschule-geestemuende.de\/wp-content\/uploads\/2025\/06\/Dieckell_Sitfung_Logo-300x90.png 300w, https:\/\/www.oberschule-geestemuende.de\/wp-content\/uploads\/2025\/06\/Dieckell_Sitfung_Logo-768x230.png 768w, https:\/\/www.oberschule-geestemuende.de\/wp-content\/uploads\/2025\/06\/Dieckell_Sitfung_Logo-500x150.png 500w\" sizes=\"auto, (max-width: 912px) 100vw, 912px\" \/><\/a><\/p>\n","protected":false},"excerpt":{"rendered":"<p>Mit dem Schulkulturfestival 2025 verabschiedet sich unser langj\u00e4hriger Kulturmacher Jens Carstensen in den beruflichen Ruhestand. In vier Workshops \u00fcberlassen wir nochmals den Highlights der vergangenen Jahre die B\u00fchne. Wir feiern in der Woche vom 14.-20. Juni 2025 in guter Tradition &hellip; <a href=\"https:\/\/www.oberschule-geestemuende.de\/?p=4704\">Weiterlesen <span class=\"meta-nav\">&rarr;<\/span><\/a><\/p>\n","protected":false},"author":2,"featured_media":299,"comment_status":"open","ping_status":"open","sticky":false,"template":"","format":"standard","meta":{"_monsterinsights_skip_tracking":false,"_monsterinsights_sitenote_active":false,"_monsterinsights_sitenote_note":"","_monsterinsights_sitenote_category":0,"footnotes":""},"categories":[1],"tags":[],"class_list":["post-4704","post","type-post","status-publish","format-standard","has-post-thumbnail","hentry","category-uncategorized"],"aioseo_notices":[],"_links":{"self":[{"href":"https:\/\/www.oberschule-geestemuende.de\/index.php?rest_route=\/wp\/v2\/posts\/4704","targetHints":{"allow":["GET"]}}],"collection":[{"href":"https:\/\/www.oberschule-geestemuende.de\/index.php?rest_route=\/wp\/v2\/posts"}],"about":[{"href":"https:\/\/www.oberschule-geestemuende.de\/index.php?rest_route=\/wp\/v2\/types\/post"}],"author":[{"embeddable":true,"href":"https:\/\/www.oberschule-geestemuende.de\/index.php?rest_route=\/wp\/v2\/users\/2"}],"replies":[{"embeddable":true,"href":"https:\/\/www.oberschule-geestemuende.de\/index.php?rest_route=%2Fwp%2Fv2%2Fcomments&post=4704"}],"version-history":[{"count":19,"href":"https:\/\/www.oberschule-geestemuende.de\/index.php?rest_route=\/wp\/v2\/posts\/4704\/revisions"}],"predecessor-version":[{"id":4787,"href":"https:\/\/www.oberschule-geestemuende.de\/index.php?rest_route=\/wp\/v2\/posts\/4704\/revisions\/4787"}],"wp:featuredmedia":[{"embeddable":true,"href":"https:\/\/www.oberschule-geestemuende.de\/index.php?rest_route=\/wp\/v2\/media\/299"}],"wp:attachment":[{"href":"https:\/\/www.oberschule-geestemuende.de\/index.php?rest_route=%2Fwp%2Fv2%2Fmedia&parent=4704"}],"wp:term":[{"taxonomy":"category","embeddable":true,"href":"https:\/\/www.oberschule-geestemuende.de\/index.php?rest_route=%2Fwp%2Fv2%2Fcategories&post=4704"},{"taxonomy":"post_tag","embeddable":true,"href":"https:\/\/www.oberschule-geestemuende.de\/index.php?rest_route=%2Fwp%2Fv2%2Ftags&post=4704"}],"curies":[{"name":"wp","href":"https:\/\/api.w.org\/{rel}","templated":true}]}}